{"id":51756,"date":"2023-08-31T16:06:09","date_gmt":"2023-08-31T16:06:09","guid":{"rendered":"https:\/\/aea.academy\/?p=51756"},"modified":"2024-09-27T17:16:23","modified_gmt":"2024-09-27T17:16:23","slug":"international-conference-ict-in-education-applications-in-natural-social-and-health-sciences-1st-september-2023","status":"publish","type":"post","link":"https:\/\/aea.academy\/es\/international-conference-ict-in-education-applications-in-natural-social-and-health-sciences-1st-september-2023\/","title":{"rendered":"Conferencia Internacional - Las TIC en la Educaci\u00f3n: Aplicaciones en Ciencias Naturales, Sociales y de la Salud - 1 de septiembre de 2023"},"content":{"rendered":"<p><img fetchpriority=\"high\" decoding=\"async\" class=\"aligncenter wp-image-51758 size-full\" src=\"https:\/\/aea.academy\/wp-content\/uploads\/2024\/09\/image-1-980x288-1.png\" alt=\"\" width=\"980\" height=\"288\" srcset=\"https:\/\/aea.academy\/wp-content\/uploads\/2024\/09\/image-1-980x288-1.png 980w, https:\/\/aea.academy\/wp-content\/uploads\/2024\/09\/image-1-980x288-1-300x88.png 300w, https:\/\/aea.academy\/wp-content\/uploads\/2024\/09\/image-1-980x288-1-768x226.png 768w, https:\/\/aea.academy\/wp-content\/uploads\/2024\/09\/image-1-980x288-1-600x176.png 600w, https:\/\/aea.academy\/wp-content\/uploads\/2024\/09\/image-1-980x288-1-977x287.png 977w\" sizes=\"(max-width: 980px) 100vw, 980px\" \/><\/p>\n<p>El 1 de septiembre de 2023, Advenio eAcademy fue invitada como ponente para el tema: Proyectos de Cooperaci\u00f3n Internacional como base para Estudios de Postgrado. Esta conferencia tendr\u00e1 lugar en el Epirus Palace Hotel Congress &amp; Spa - Ioannina, Grecia.<\/p>\n<p>El programa de la conferencia es el siguiente<\/p>\n<figure class=\"wp-block-table\">\n<table>\n<tbody>\n<tr>\n<td colspan=\"2\"><strong>Viernes, 0 de septiembre<\/strong><strong>1<\/strong><strong>, 2023<\/strong><\/td>\n<\/tr>\n<tr>\n<td><em>17.00<\/em><em>-<\/em><em>18.00<\/em><\/td>\n<td>Inscripci\u00f3n<\/td>\n<\/tr>\n<tr>\n<td><em>18.00-18.30<\/em><\/td>\n<td>Los Programas Internacionales de Doctorado de la Universidad de Io\u00e1nnina, Grecia<\/td>\n<\/tr>\n<tr>\n<td><em>18.30-19.30<\/em><\/td>\n<td>Recepci\u00f3n de bienvenida<\/td>\n<\/tr>\n<\/tbody>\n<\/table>\n<\/figure>\n<figure class=\"wp-block-table\">\n<table>\n<tbody>\n<tr>\n<td colspan=\"3\"><strong>S\u00e1bado, 02 de septiembre de 2023<\/strong><\/td>\n<\/tr>\n<tr>\n<td><em>09.30-10.00<\/em><\/td>\n<td colspan=\"2\">Ceremonia de apertura Discursos de bienvenida<\/td>\n<\/tr>\n<tr>\n<td><em>10.<\/em><em>15<\/em><em>-10.30<\/em><\/td>\n<td><strong>Jenny Pange<\/strong>, Profesora, Departamento de Educaci\u00f3n Infantil, Universidad de Ioannina, Grecia<\/td>\n<td>Presentaci\u00f3n del programa \"Las TIC en la educaci\u00f3n: Aplicaciones en Ciencias Naturales, Sociales y de la Salud\"<\/td>\n<\/tr>\n<tr>\n<td><em>10.30-10.45<\/em><\/td>\n<td><strong>Stephen P. D'Alessandro<\/strong>, Director Ejecutivo Advenio eAcademy, Malta<\/td>\n<td>Proyectos de cooperaci\u00f3n internacional como base para estudios de postgrado<\/td>\n<\/tr>\n<tr>\n<td><em>10.45-11.00<\/em><\/td>\n<td><strong>Silvia Mangialardo<\/strong>Jefe de la Oficina de Relaciones Internacionales, Universidad Polit\u00e9cnica de las Marcas, Italia<\/td>\n<td>Oportunidades de movilidad internacional en la regi\u00f3n adri\u00e1tico-j\u00f3nica: el programa Erasmus<sup>+<\/sup>\u00a0Consorcio \"Uniadrion Italia\" (en ingl\u00e9s)<\/td>\n<\/tr>\n<tr>\n<td><em>11.00-11.15<\/em><\/td>\n<td><strong>Maria Sakellariou<\/strong>, Profesora, Departamento de Educaci\u00f3n Infantil, Universidad de Ioannina, Grecia<\/td>\n<td>Entorno digital de aprendizaje y \u00e9xito de la educaci\u00f3n superior. Un enfoque de investigaci\u00f3n.<\/td>\n<\/tr>\n<tr>\n<td colspan=\"3\">Pausa caf\u00e9<\/td>\n<\/tr>\n<tr>\n<td><em>11.30-11.45<\/em><\/td>\n<td><strong>Charilaos Zaragas<\/strong>, Ass. Profesor, Departamento de Educaci\u00f3n Infantil y Educaci\u00f3n, Universidad de Ioannina, Grecia<\/td>\n<td>La contribuci\u00f3n de los doctorados en lenguas extranjeras a las ciencias de la educaci\u00f3n<\/td>\n<\/tr>\n<tr>\n<td><em>11.45-12.00<\/em><\/td>\n<td><strong>Nikoletta Tsitsanoudis-Mallidis<\/strong>, Profesora, Departamento de Educaci\u00f3n Infantil, Universidad de Ioannina, Grecia<\/td>\n<td>Estudios de Doctorado y Di\u00e1spora Griega: Presentaci\u00f3n de los estudios actuales sobre la lengua griega en el Departamento de ECEDU.<\/td>\n<\/tr>\n<tr>\n<td><em>12.00-12.15<\/em><\/td>\n<td><strong>\u0395<\/strong><strong>ugenia Toki<\/strong>, Ass. Profesor, Departamento de Logopedia Universidad de Ioannina, Grecia<\/td>\n<td>Tecnolog\u00eda en Ciencias de la Salud<\/td>\n<\/tr>\n<tr>\n<td><em>12.15-12.30<\/em><\/td>\n<td><strong>Ismini Vasileiou<\/strong>, Ass. Professor, De Montfort University Leicester, Reino Unido<\/td>\n<td>La cibern\u00e9tica como metadisciplina: Educaci\u00f3n, sensibilizaci\u00f3n, formaci\u00f3n<\/td>\n<\/tr>\n<tr>\n<td colspan=\"3\">Almuerzo ligero<\/td>\n<\/tr>\n<tr>\n<td><em>13.30-13.45<\/em><\/td>\n<td><strong>Liudmila Rupsiene<\/strong>, Profesor, Departamento de Pedagog\u00eda Universidad de Klaipeda, Lituania<\/td>\n<td>Diversidad y puntos en com\u00fan en las disertaciones internacionales<\/td>\n<\/tr>\n<tr>\n<td><em>13.45-14.00<\/em><\/td>\n<td><strong>Evangelos Evangelou<\/strong>, Ass. Profesor, Departamento de F\u00edsica, Universidad de Ioannina, Grecia<\/td>\n<td>El uso de los microcontroladores en la educaci\u00f3n<\/td>\n<\/tr>\n<tr>\n<td><em>14.00-14.45<\/em><\/td>\n<td><strong>Georgia Gardiakou<\/strong>Jefe de la Unidad B.2.2, Asesor Jur\u00eddico del Sector de Educaci\u00f3n, y\u00a0<strong>Nikos Fatseas<\/strong>Ejecutivo de la Unidad B.2.2, \u00a0<em>Ministerio de Desarrollo y<\/em>\u00a0<em>de Inversiones,<\/em>\u00a0<em>Secretar\u00eda de Gesti\u00f3n de Programas Especiales<\/em>\u00a0<em>BCE, E.Y.D. E.P. \"Desarrollo de los recursos humanos,<\/em>\u00a0<em>Educaci\u00f3n y aprendizaje permanente\", Unidad B2.2:<\/em>\u00a0<em>\"Gesti\u00f3n de la educaci\u00f3n terciaria y operaciones de capacitaci\u00f3n<\/em>\u00a0<em>del potencial de investigaci\u00f3n\".<\/em><\/td>\n<td>Taller-Programa Operativo \"Desarrollo de Recursos Humanos, Educaci\u00f3n y Aprendizaje Permanente 2014-2020\" ESPA 2014-2020<\/td>\n<\/tr>\n<tr>\n<td colspan=\"3\">Pausa caf\u00e9<\/td>\n<\/tr>\n<tr>\n<td><em>15.00-15.15<\/em><\/td>\n<td><strong>Dimitrios Panagiotou<\/strong>, Ass. Profesor, Departamento de Econom\u00eda, Universidad de Ioannina, Grecia<\/td>\n<td>El impacto econ\u00f3mico de las TIC en las empresas y las econom\u00edas<\/td>\n<\/tr>\n<tr>\n<td><em>15.15-15.30<\/em><\/td>\n<td><strong>Agostino Maregno<\/strong>, Profesor, Universidad de Foggia, Italia<\/td>\n<td>\u00a0El impacto de la IA en el aprendizaje global: Los estudiantes internacionales en el punto de mira<\/td>\n<\/tr>\n<tr>\n<td><em>15.30-15.45<\/em><\/td>\n<td><strong>Chistos Michalakellis<\/strong>Profesor adjunto, Departamento de Inform\u00e1tica y Telem\u00e1tica, Universidad Harokopio de Atenas, Grecia<\/td>\n<td>Estudiar en Grecia y la nueva era de la internacionalizaci\u00f3n de las universidades griegas.<\/td>\n<\/tr>\n<tr>\n<td><em>15.45-16.00<\/em><\/td>\n<td><strong>Radovan Madle\u0148\u00e1k<\/strong>, Profesor, Departamento de Comunicaci\u00f3n, Universidad de \u017dilina, SLO<\/td>\n<td>El neuromarketing como enfoque innovador de apoyo al aprendizaje<\/td>\n<\/tr>\n<tr>\n<td><em>16.<\/em><em>15-<\/em><em>16.30<\/em><\/td>\n<td colspan=\"2\">Presentaci\u00f3n de los estudios de doctorado en la Universidad de Io\u00e1nnina<\/td>\n<\/tr>\n<tr>\n<td><em>16.30- 18.00<\/em><\/td>\n<td colspan=\"2\">Visita guiada a la Universidad de Io\u00e1nnina<\/td>\n<\/tr>\n<\/tbody>\n<\/table>\n<\/figure>\n<figure class=\"wp-block-table\">\n<table>\n<tbody>\n<tr>\n<td colspan=\"2\"><strong>Domingo, 03 de septiembre de 2023<\/strong><\/td>\n<\/tr>\n<tr>\n<td><em>09.30-10.00<\/em><\/td>\n<td>Observaciones finales<\/td>\n<\/tr>\n<tr>\n<td><em>\u00a0<\/em><em>10.00-11.00<\/em><\/td>\n<td>Sesi\u00f3n de carteles<a id=\"_ftnref1\" href=\"https:\/\/aea.academy\/es\/international-conference-ict-in-education\/#_ftn1\">[1]<\/a><\/td>\n<\/tr>\n<tr>\n<td><em>\u00a0<\/em><em>11.00-11.30<\/em><\/td>\n<td>Pausa caf\u00e9<\/td>\n<\/tr>\n<tr>\n<td><em>11.30-12.00<\/em><\/td>\n<td>Entrega de certificados de participaci\u00f3n<\/td>\n<\/tr>\n<tr>\n<td><em>12.30<\/em><em>-13.00<\/em><\/td>\n<td>Colaboraci\u00f3n entre los participantes<\/td>\n<\/tr>\n<tr>\n<td><em>13.00-17.00<\/em><\/td>\n<td>Pausa para comer<\/td>\n<\/tr>\n<tr>\n<td><em>17.00-18.00<\/em><\/td>\n<td>Un recorrido a pie por Io\u00e1nnina Clausura del evento<\/td>\n<\/tr>\n<\/tbody>\n<\/table>\n<\/figure>\n<p><a><strong><u>Organizaci\u00f3n<\/u><\/strong><\/a><strong><u>\u00a0<\/u><\/strong><strong><u>Comisi\u00f3n<\/u><\/strong><u><\/u><u><\/u><\/p>\n<p><strong>Jenny Pange<\/strong>, Profesor Universidad de Ioannina Grecia, (Presidente)<\/p>\n<p><strong>Eugenia Toki<\/strong>, Ass. Professor University of Ioannina, Grecia<\/p>\n<p><strong>Charilaos Zaragas<\/strong>, Ass. Professor University of Ioannina, Grecia<\/p>\n<p><strong>Evangelos Evangelou<\/strong>, Ass. Professor University of Ioannina, Grecia<\/p>\n<p><strong><u>Comit\u00e9 Cient\u00edfico<\/u><\/strong><\/p>\n<p><strong>Jenny Pange<\/strong>, Profesor Universidad de Ioannina, Grecia<\/p>\n<p><strong>Charilaos Zaragas<\/strong>, Ass. Professor University of Ioannina, Grecia<\/p>\n<p><strong>Eugenia Toki<\/strong>, Ass. Professor University of Ioannina, Grecia<\/p>\n<p><strong>Evangelos Evangelou<\/strong>, Ass. Professor University of Ioannina, Grecia<\/p>\n<p><strong>Dimitrios Panagiotou<\/strong>, Ass. Professor University of Ioannina, Grecia<\/p>\n<p><strong>Radovan Madle\u0148\u00e1k<\/strong>, Profesor Departamento de Comunicaciones, Universidad de \u017dilina, Eslovaquia<\/p>\n<p><strong>Agostino Maregno<\/strong>Liudmila Rupsiene, Catedr\u00e1tica Universidad de Foggia, Italia Liudmila Rupsiene, Catedr\u00e1tica Departamento de Pedagog\u00eda Universidad de Klaipeda, Lituania<\/p>\n<p><strong>\u00a0Ismini Vasileiou<\/strong>, Ass. Professor De Montfort University Leicester, Reino Unido<\/p>","protected":false},"excerpt":{"rendered":"<p>El 1 de septiembre de 2023, Advenio eAcademy fue invitada como ponente para el tema: Proyectos de Cooperaci\u00f3n Internacional como base para Estudios de Postgrado. Esta conferencia tendr\u00e1 lugar en el Epirus Palace Hotel Congress &amp; Spa - Ioannina, Grecia El programa...<\/p>","protected":false},"author":1,"featured_media":51757,"comment_status":"closed","ping_status":"closed","sticky":false,"template":"","format":"standard","meta":{"footnotes":""},"categories":[121],"tags":[],"class_list":["post-51756","post","type-post","status-publish","format-standard","has-post-thumbnail","hentry","category-news"],"yoast_head":"<!-- This site is optimized with the Yoast SEO plugin v27.4 - https:\/\/yoast.com\/product\/yoast-seo-wordpress\/ -->\n<title>International Conference \u2013 ICT in Education: Applications in Natural, Social and Health Sciences \u2013 1st September 2023 - Advenio eAcademy Malta<\/title>\n<meta name=\"robots\" content=\"index, follow, max-snippet:-1, max-image-preview:large, max-video-preview:-1\" \/>\n<link rel=\"canonical\" href=\"https:\/\/aea.academy\/es\/international-conference-ict-in-education-applications-in-natural-social-and-health-sciences-1st-september-2023\/\" \/>\n<meta property=\"og:locale\" content=\"es_ES\" \/>\n<meta property=\"og:type\" content=\"article\" \/>\n<meta property=\"og:title\" content=\"International Conference \u2013 ICT in Education: Applications in Natural, Social and Health Sciences \u2013 1st September 2023 - Advenio eAcademy Malta\" \/>\n<meta property=\"og:description\" content=\"On the 1st September 2023, Advenio eAcademy was asked to presenter for the topic: International Cooperation Projects as a basis for Postgraduate Studies. This conference will be taking place at the Epirus Palace Hotel Congress &amp; Spa - Ioannina, Greece The schedule...\" \/>\n<meta property=\"og:url\" content=\"https:\/\/aea.academy\/es\/international-conference-ict-in-education-applications-in-natural-social-and-health-sciences-1st-september-2023\/\" \/>\n<meta property=\"og:site_name\" content=\"Advenio eAcademy Malta\" \/>\n<meta property=\"article:publisher\" content=\"https:\/\/www.facebook.com\/people\/Advenio-eAcademy\/100064132746001\/\" \/>\n<meta property=\"article:published_time\" content=\"2023-08-31T16:06:09+00:00\" \/>\n<meta property=\"article:modified_time\" content=\"2024-09-27T17:16:23+00:00\" \/>\n<meta property=\"og:image\" content=\"https:\/\/aea.academy\/wp-content\/uploads\/2024\/09\/International-Conference-\u2013-ICT-in-Education-Applications-in-Natural-Social-and-Health-Sciences-\u2013-1st-September-2023.png\" \/>\n\t<meta property=\"og:image:width\" content=\"400\" \/>\n\t<meta property=\"og:image:height\" content=\"180\" \/>\n\t<meta property=\"og:image:type\" content=\"image\/png\" \/>\n<meta name=\"author\" content=\"Advenio eAcademy\" \/>\n<meta name=\"twitter:card\" content=\"summary_large_image\" \/>\n<meta name=\"twitter:label1\" content=\"Escrito por\" \/>\n\t<meta name=\"twitter:data1\" content=\"Advenio eAcademy\" \/>\n\t<meta name=\"twitter:label2\" content=\"Tiempo de lectura\" \/>\n\t<meta name=\"twitter:data2\" content=\"3 minutos\" \/>\n<script type=\"application\/ld+json\" class=\"yoast-schema-graph\">{\"@context\":\"https:\\\/\\\/schema.org\",\"@graph\":[{\"@type\":\"Article\",\"@id\":\"https:\\\/\\\/aea.academy\\\/international-conference-ict-in-education-applications-in-natural-social-and-health-sciences-1st-september-2023\\\/#article\",\"isPartOf\":{\"@id\":\"https:\\\/\\\/aea.academy\\\/international-conference-ict-in-education-applications-in-natural-social-and-health-sciences-1st-september-2023\\\/\"},\"author\":{\"name\":\"Advenio eAcademy\",\"@id\":\"https:\\\/\\\/aea.academy\\\/#\\\/schema\\\/person\\\/b81ba3ccd0424e34c3ac0370a9dfdf3d\"},\"headline\":\"International Conference \u2013 ICT in Education: Applications in Natural, Social and Health Sciences \u2013 1st September 2023\",\"datePublished\":\"2023-08-31T16:06:09+00:00\",\"dateModified\":\"2024-09-27T17:16:23+00:00\",\"mainEntityOfPage\":{\"@id\":\"https:\\\/\\\/aea.academy\\\/international-conference-ict-in-education-applications-in-natural-social-and-health-sciences-1st-september-2023\\\/\"},\"wordCount\":625,\"publisher\":{\"@id\":\"https:\\\/\\\/aea.academy\\\/#organization\"},\"image\":{\"@id\":\"https:\\\/\\\/aea.academy\\\/international-conference-ict-in-education-applications-in-natural-social-and-health-sciences-1st-september-2023\\\/#primaryimage\"},\"thumbnailUrl\":\"https:\\\/\\\/aea.academy\\\/wp-content\\\/uploads\\\/2024\\\/09\\\/International-Conference-\u2013-ICT-in-Education-Applications-in-Natural-Social-and-Health-Sciences-\u2013-1st-September-2023-399x179.png\",\"articleSection\":[\"News\"],\"inLanguage\":\"es\"},{\"@type\":\"WebPage\",\"@id\":\"https:\\\/\\\/aea.academy\\\/international-conference-ict-in-education-applications-in-natural-social-and-health-sciences-1st-september-2023\\\/\",\"url\":\"https:\\\/\\\/aea.academy\\\/international-conference-ict-in-education-applications-in-natural-social-and-health-sciences-1st-september-2023\\\/\",\"name\":\"International Conference \u2013 ICT in Education: Applications in Natural, Social and Health Sciences \u2013 1st September 2023 - Advenio eAcademy Malta\",\"isPartOf\":{\"@id\":\"https:\\\/\\\/aea.academy\\\/#website\"},\"primaryImageOfPage\":{\"@id\":\"https:\\\/\\\/aea.academy\\\/international-conference-ict-in-education-applications-in-natural-social-and-health-sciences-1st-september-2023\\\/#primaryimage\"},\"image\":{\"@id\":\"https:\\\/\\\/aea.academy\\\/international-conference-ict-in-education-applications-in-natural-social-and-health-sciences-1st-september-2023\\\/#primaryimage\"},\"thumbnailUrl\":\"https:\\\/\\\/aea.academy\\\/wp-content\\\/uploads\\\/2024\\\/09\\\/International-Conference-\u2013-ICT-in-Education-Applications-in-Natural-Social-and-Health-Sciences-\u2013-1st-September-2023-399x179.png\",\"datePublished\":\"2023-08-31T16:06:09+00:00\",\"dateModified\":\"2024-09-27T17:16:23+00:00\",\"breadcrumb\":{\"@id\":\"https:\\\/\\\/aea.academy\\\/international-conference-ict-in-education-applications-in-natural-social-and-health-sciences-1st-september-2023\\\/#breadcrumb\"},\"inLanguage\":\"es\",\"potentialAction\":[{\"@type\":\"ReadAction\",\"target\":[\"https:\\\/\\\/aea.academy\\\/international-conference-ict-in-education-applications-in-natural-social-and-health-sciences-1st-september-2023\\\/\"]}]},{\"@type\":\"ImageObject\",\"inLanguage\":\"es\",\"@id\":\"https:\\\/\\\/aea.academy\\\/international-conference-ict-in-education-applications-in-natural-social-and-health-sciences-1st-september-2023\\\/#primaryimage\",\"url\":\"https:\\\/\\\/aea.academy\\\/wp-content\\\/uploads\\\/2024\\\/09\\\/International-Conference-\u2013-ICT-in-Education-Applications-in-Natural-Social-and-Health-Sciences-\u2013-1st-September-2023-399x179.png\",\"contentUrl\":\"https:\\\/\\\/aea.academy\\\/wp-content\\\/uploads\\\/2024\\\/09\\\/International-Conference-\u2013-ICT-in-Education-Applications-in-Natural-Social-and-Health-Sciences-\u2013-1st-September-2023-399x179.png\",\"width\":400,\"height\":180,\"caption\":\"International Conference \u2013 ICT in Education Applications in Natural, Social and Health Sciences \u2013 1st September 2023\"},{\"@type\":\"BreadcrumbList\",\"@id\":\"https:\\\/\\\/aea.academy\\\/international-conference-ict-in-education-applications-in-natural-social-and-health-sciences-1st-september-2023\\\/#breadcrumb\",\"itemListElement\":[{\"@type\":\"ListItem\",\"position\":1,\"name\":\"Home\",\"item\":\"https:\\\/\\\/aea.academy\\\/\"},{\"@type\":\"ListItem\",\"position\":2,\"name\":\"International Conference \u2013 ICT in Education: Applications in Natural, Social and Health Sciences \u2013 1st September 2023\"}]},{\"@type\":\"WebSite\",\"@id\":\"https:\\\/\\\/aea.academy\\\/#website\",\"url\":\"https:\\\/\\\/aea.academy\\\/\",\"name\":\"AeA Academy\",\"description\":\"Advenio eAcademy Malta\",\"publisher\":{\"@id\":\"https:\\\/\\\/aea.academy\\\/#organization\"},\"potentialAction\":[{\"@type\":\"SearchAction\",\"target\":{\"@type\":\"EntryPoint\",\"urlTemplate\":\"https:\\\/\\\/aea.academy\\\/?s={search_term_string}\"},\"query-input\":{\"@type\":\"PropertyValueSpecification\",\"valueRequired\":true,\"valueName\":\"search_term_string\"}}],\"inLanguage\":\"es\"},{\"@type\":\"Organization\",\"@id\":\"https:\\\/\\\/aea.academy\\\/#organization\",\"name\":\"AeA Academy\",\"url\":\"https:\\\/\\\/aea.academy\\\/\",\"logo\":{\"@type\":\"ImageObject\",\"inLanguage\":\"es\",\"@id\":\"https:\\\/\\\/aea.academy\\\/#\\\/schema\\\/logo\\\/image\\\/\",\"url\":\"https:\\\/\\\/aea.academy\\\/wp-content\\\/uploads\\\/2024\\\/09\\\/20220906-Advenio-vector-with-text-2813x946.png\",\"contentUrl\":\"https:\\\/\\\/aea.academy\\\/wp-content\\\/uploads\\\/2024\\\/09\\\/20220906-Advenio-vector-with-text-2813x946.png\",\"width\":2816,\"height\":947,\"caption\":\"AeA Academy\"},\"image\":{\"@id\":\"https:\\\/\\\/aea.academy\\\/#\\\/schema\\\/logo\\\/image\\\/\"},\"sameAs\":[\"https:\\\/\\\/www.facebook.com\\\/people\\\/Advenio-eAcademy\\\/100064132746001\\\/\",\"https:\\\/\\\/www.instagram.com\\\/advenio_eacademy\\\/\",\"https:\\\/\\\/www.linkedin.com\\\/uas\\\/login?session_redirect=school10402143\",\"https:\\\/\\\/www.youtube.com\\\/@advenioeacademy5728\"]},{\"@type\":\"Person\",\"@id\":\"https:\\\/\\\/aea.academy\\\/#\\\/schema\\\/person\\\/b81ba3ccd0424e34c3ac0370a9dfdf3d\",\"name\":\"Advenio eAcademy\",\"image\":{\"@type\":\"ImageObject\",\"inLanguage\":\"es\",\"@id\":\"https:\\\/\\\/secure.gravatar.com\\\/avatar\\\/a7fc3593ef7c655111d23da86c09a01cbe2c3598f01a41ff3f0939430fdc671d?s=96&d=mm&r=g\",\"url\":\"https:\\\/\\\/secure.gravatar.com\\\/avatar\\\/a7fc3593ef7c655111d23da86c09a01cbe2c3598f01a41ff3f0939430fdc671d?s=96&d=mm&r=g\",\"contentUrl\":\"https:\\\/\\\/secure.gravatar.com\\\/avatar\\\/a7fc3593ef7c655111d23da86c09a01cbe2c3598f01a41ff3f0939430fdc671d?s=96&d=mm&r=g\",\"caption\":\"Advenio eAcademy\"},\"sameAs\":[\"https:\\\/\\\/aea.academy\"]}]}<\/script>\n<!-- \/ Yoast SEO plugin. -->","yoast_head_json":{"title":"International Conference \u2013 ICT in Education: Applications in Natural, Social and Health Sciences \u2013 1st September 2023 - Advenio eAcademy Malta","robots":{"index":"index","follow":"follow","max-snippet":"max-snippet:-1","max-image-preview":"max-image-preview:large","max-video-preview":"max-video-preview:-1"},"canonical":"https:\/\/aea.academy\/es\/international-conference-ict-in-education-applications-in-natural-social-and-health-sciences-1st-september-2023\/","og_locale":"es_ES","og_type":"article","og_title":"International Conference \u2013 ICT in Education: Applications in Natural, Social and Health Sciences \u2013 1st September 2023 - Advenio eAcademy Malta","og_description":"On the 1st September 2023, Advenio eAcademy was asked to presenter for the topic: International Cooperation Projects as a basis for Postgraduate Studies. This conference will be taking place at the Epirus Palace Hotel Congress & Spa - Ioannina, Greece The schedule...","og_url":"https:\/\/aea.academy\/es\/international-conference-ict-in-education-applications-in-natural-social-and-health-sciences-1st-september-2023\/","og_site_name":"Advenio eAcademy Malta","article_publisher":"https:\/\/www.facebook.com\/people\/Advenio-eAcademy\/100064132746001\/","article_published_time":"2023-08-31T16:06:09+00:00","article_modified_time":"2024-09-27T17:16:23+00:00","og_image":[{"width":400,"height":180,"url":"https:\/\/aea.academy\/wp-content\/uploads\/2024\/09\/International-Conference-\u2013-ICT-in-Education-Applications-in-Natural-Social-and-Health-Sciences-\u2013-1st-September-2023.png","type":"image\/png"}],"author":"Advenio eAcademy","twitter_card":"summary_large_image","twitter_misc":{"Escrito por":"Advenio eAcademy","Tiempo de lectura":"3 minutos"},"schema":{"@context":"https:\/\/schema.org","@graph":[{"@type":"Article","@id":"https:\/\/aea.academy\/international-conference-ict-in-education-applications-in-natural-social-and-health-sciences-1st-september-2023\/#article","isPartOf":{"@id":"https:\/\/aea.academy\/international-conference-ict-in-education-applications-in-natural-social-and-health-sciences-1st-september-2023\/"},"author":{"name":"Advenio eAcademy","@id":"https:\/\/aea.academy\/#\/schema\/person\/b81ba3ccd0424e34c3ac0370a9dfdf3d"},"headline":"International Conference \u2013 ICT in Education: Applications in Natural, Social and Health Sciences \u2013 1st September 2023","datePublished":"2023-08-31T16:06:09+00:00","dateModified":"2024-09-27T17:16:23+00:00","mainEntityOfPage":{"@id":"https:\/\/aea.academy\/international-conference-ict-in-education-applications-in-natural-social-and-health-sciences-1st-september-2023\/"},"wordCount":625,"publisher":{"@id":"https:\/\/aea.academy\/#organization"},"image":{"@id":"https:\/\/aea.academy\/international-conference-ict-in-education-applications-in-natural-social-and-health-sciences-1st-september-2023\/#primaryimage"},"thumbnailUrl":"https:\/\/aea.academy\/wp-content\/uploads\/2024\/09\/International-Conference-\u2013-ICT-in-Education-Applications-in-Natural-Social-and-Health-Sciences-\u2013-1st-September-2023-399x179.png","articleSection":["News"],"inLanguage":"es"},{"@type":"WebPage","@id":"https:\/\/aea.academy\/international-conference-ict-in-education-applications-in-natural-social-and-health-sciences-1st-september-2023\/","url":"https:\/\/aea.academy\/international-conference-ict-in-education-applications-in-natural-social-and-health-sciences-1st-september-2023\/","name":"International Conference \u2013 ICT in Education: Applications in Natural, Social and Health Sciences \u2013 1st September 2023 - Advenio eAcademy Malta","isPartOf":{"@id":"https:\/\/aea.academy\/#website"},"primaryImageOfPage":{"@id":"https:\/\/aea.academy\/international-conference-ict-in-education-applications-in-natural-social-and-health-sciences-1st-september-2023\/#primaryimage"},"image":{"@id":"https:\/\/aea.academy\/international-conference-ict-in-education-applications-in-natural-social-and-health-sciences-1st-september-2023\/#primaryimage"},"thumbnailUrl":"https:\/\/aea.academy\/wp-content\/uploads\/2024\/09\/International-Conference-\u2013-ICT-in-Education-Applications-in-Natural-Social-and-Health-Sciences-\u2013-1st-September-2023-399x179.png","datePublished":"2023-08-31T16:06:09+00:00","dateModified":"2024-09-27T17:16:23+00:00","breadcrumb":{"@id":"https:\/\/aea.academy\/international-conference-ict-in-education-applications-in-natural-social-and-health-sciences-1st-september-2023\/#breadcrumb"},"inLanguage":"es","potentialAction":[{"@type":"ReadAction","target":["https:\/\/aea.academy\/international-conference-ict-in-education-applications-in-natural-social-and-health-sciences-1st-september-2023\/"]}]},{"@type":"ImageObject","inLanguage":"es","@id":"https:\/\/aea.academy\/international-conference-ict-in-education-applications-in-natural-social-and-health-sciences-1st-september-2023\/#primaryimage","url":"https:\/\/aea.academy\/wp-content\/uploads\/2024\/09\/International-Conference-\u2013-ICT-in-Education-Applications-in-Natural-Social-and-Health-Sciences-\u2013-1st-September-2023-399x179.png","contentUrl":"https:\/\/aea.academy\/wp-content\/uploads\/2024\/09\/International-Conference-\u2013-ICT-in-Education-Applications-in-Natural-Social-and-Health-Sciences-\u2013-1st-September-2023-399x179.png","width":400,"height":180,"caption":"International Conference \u2013 ICT in Education Applications in Natural, Social and Health Sciences \u2013 1st September 2023"},{"@type":"BreadcrumbList","@id":"https:\/\/aea.academy\/international-conference-ict-in-education-applications-in-natural-social-and-health-sciences-1st-september-2023\/#breadcrumb","itemListElement":[{"@type":"ListItem","position":1,"name":"Home","item":"https:\/\/aea.academy\/"},{"@type":"ListItem","position":2,"name":"International Conference \u2013 ICT in Education: Applications in Natural, Social and Health Sciences \u2013 1st September 2023"}]},{"@type":"WebSite","@id":"https:\/\/aea.academy\/#website","url":"https:\/\/aea.academy\/","name":"Academia AeA","description":"Advenio eAcademy Malta","publisher":{"@id":"https:\/\/aea.academy\/#organization"},"potentialAction":[{"@type":"SearchAction","target":{"@type":"EntryPoint","urlTemplate":"https:\/\/aea.academy\/?s={search_term_string}"},"query-input":{"@type":"PropertyValueSpecification","valueRequired":true,"valueName":"search_term_string"}}],"inLanguage":"es"},{"@type":"Organization","@id":"https:\/\/aea.academy\/#organization","name":"Academia AeA","url":"https:\/\/aea.academy\/","logo":{"@type":"ImageObject","inLanguage":"es","@id":"https:\/\/aea.academy\/#\/schema\/logo\/image\/","url":"https:\/\/aea.academy\/wp-content\/uploads\/2024\/09\/20220906-Advenio-vector-with-text-2813x946.png","contentUrl":"https:\/\/aea.academy\/wp-content\/uploads\/2024\/09\/20220906-Advenio-vector-with-text-2813x946.png","width":2816,"height":947,"caption":"AeA Academy"},"image":{"@id":"https:\/\/aea.academy\/#\/schema\/logo\/image\/"},"sameAs":["https:\/\/www.facebook.com\/people\/Advenio-eAcademy\/100064132746001\/","https:\/\/www.instagram.com\/advenio_eacademy\/","https:\/\/www.linkedin.com\/uas\/login?session_redirect=school10402143","https:\/\/www.youtube.com\/@advenioeacademy5728"]},{"@type":"Person","@id":"https:\/\/aea.academy\/#\/schema\/person\/b81ba3ccd0424e34c3ac0370a9dfdf3d","name":"Advenio eAcademy","image":{"@type":"ImageObject","inLanguage":"es","@id":"https:\/\/secure.gravatar.com\/avatar\/a7fc3593ef7c655111d23da86c09a01cbe2c3598f01a41ff3f0939430fdc671d?s=96&d=mm&r=g","url":"https:\/\/secure.gravatar.com\/avatar\/a7fc3593ef7c655111d23da86c09a01cbe2c3598f01a41ff3f0939430fdc671d?s=96&d=mm&r=g","contentUrl":"https:\/\/secure.gravatar.com\/avatar\/a7fc3593ef7c655111d23da86c09a01cbe2c3598f01a41ff3f0939430fdc671d?s=96&d=mm&r=g","caption":"Advenio eAcademy"},"sameAs":["https:\/\/aea.academy"]}]}},"_links":{"self":[{"href":"https:\/\/aea.academy\/es\/wp-json\/wp\/v2\/posts\/51756","targetHints":{"allow":["GET"]}}],"collection":[{"href":"https:\/\/aea.academy\/es\/wp-json\/wp\/v2\/posts"}],"about":[{"href":"https:\/\/aea.academy\/es\/wp-json\/wp\/v2\/types\/post"}],"author":[{"embeddable":true,"href":"https:\/\/aea.academy\/es\/wp-json\/wp\/v2\/users\/1"}],"replies":[{"embeddable":true,"href":"https:\/\/aea.academy\/es\/wp-json\/wp\/v2\/comments?post=51756"}],"version-history":[{"count":0,"href":"https:\/\/aea.academy\/es\/wp-json\/wp\/v2\/posts\/51756\/revisions"}],"wp:featuredmedia":[{"embeddable":true,"href":"https:\/\/aea.academy\/es\/wp-json\/wp\/v2\/media\/51757"}],"wp:attachment":[{"href":"https:\/\/aea.academy\/es\/wp-json\/wp\/v2\/media?parent=51756"}],"wp:term":[{"taxonomy":"category","embeddable":true,"href":"https:\/\/aea.academy\/es\/wp-json\/wp\/v2\/categories?post=51756"},{"taxonomy":"post_tag","embeddable":true,"href":"https:\/\/aea.academy\/es\/wp-json\/wp\/v2\/tags?post=51756"}],"curies":[{"name":"wp","href":"https:\/\/api.w.org\/{rel}","templated":true}]}}